{"id":21568,"date":"2024-02-25T20:10:00","date_gmt":"2024-02-25T20:10:00","guid":{"rendered":"https:\/\/www.miriego.gob.bo\/?p=21568"},"modified":"2024-02-27T14:34:18","modified_gmt":"2024-02-27T14:34:18","slug":"el-coordinador-general-de-la-ucep-mi-riego-ing-juanito-aranda-romero-participo-del-acto-de-entrega-de-la-personeria-juridica-a-la-asociacion-de-regantes-pampas-de-padilla-arepampa","status":"publish","type":"post","link":"https:\/\/www.miriego.gob.bo\/?p=21568","title":{"rendered":"EL COORDINADOR GENERAL DE LA UCEP MI RIEGO ING. JUANITO ARANDA ROMERO, PARTICIPO DEL ACTO DE ENTREGA DE LA PERSONER\u00cdA JUR\u00cdDICA A LA ASOCIACI\u00d3N DE REGANTES PAMPAS DE PADILLA \u201cAREPAMPA\u201d."},"content":{"rendered":"<div class=\"fusion-fullwidth fullwidth-box fusion-builder-row-1 fusion-flex-container nonhundred-percent-fullwidth non-hundred-percent-height-scrolling\" style=\"background-color: var(--awb-color1);background-position: center center;background-repeat: no-repeat;border-width: 0px 0px 0px 0px;border-color:hsla(var(--awb-color3-h),calc( var(--awb-color3-s) + 2% ),var(--awb-color3-l),var(--awb-color3-a));border-style:solid;\" ><div class=\"fusion-builder-row fusion-row fusion-flex-align-items-flex-start\" style=\"max-width:1216.8px;margin-left: calc(-4% \/ 2 );margin-right: calc(-4% \/ 2 );\"><div class=\"fusion-layout-column fusion_builder_column fusion-builder-column-0 fusion_builder_column_1_1 1_1 fusion-flex-column\"><div class=\"fusion-column-wrapper fusion-flex-justify-content-flex-start fusion-content-layout-column\" style=\"background-position:left top;background-repeat:no-repeat;-webkit-background-size:cover;-moz-background-size:cover;-o-background-size:cover;background-size:cover;padding: 0px 0px 0px 0px;\"><div class=\"fusion-text fusion-text-1\"><div dir=\"auto\">El 25 de febrero del 2024 el coordinador general de la UCEP MI RIEGO Ing. Juanito Aranda Romero llego hasta el Municipio de Padilla en Chuquisaca, para participar en la entrega oficial de la personer\u00eda jur\u00eddica de la nueva Asociaci\u00f3n de Regantes Pampas de Padilla \u201cAREPAMPA\u201d.<\/div>\n<div dir=\"auto\">La asociaci\u00f3n fue conformada por todos los beneficiarios del \u201cPROYECTO CONSTRUCCI\u00d3N PRESA RIEGO PAMPAS DE PADILLA\u201d que beneficiar\u00e1 a 250 familias y regar\u00e1 840 hect\u00e1reas en doble campa\u00f1a. En la actualidad la presa fue concluida en su construcci\u00f3n y se alista su entrega para el pr\u00f3ximo 30 de marzo de la presente gesti\u00f3n.<\/div>\n<div dir=\"auto\">Durante su intervenci\u00f3n el coordinador general de la UCEP MI RIEGO Ing. Juanito Aranda al momento de socializar los distintos programas que ejecuta el Ministerio De Medio Ambiente Y Agua, comprometiendo el apoyo y capacitaci\u00f3n t\u00e9cnica para la implementaci\u00f3n de riego tecnificado que abarque a la mayor\u00eda de las parcelas beneficiarias de las comunidades de: Oveja Cancha, Campo Redondo, ThuruPampa, San Mauro, San Jos\u00e9 y San Isidro en el Municpio de Padilla del Departamendo de Chuquisaca.<\/div>\n<\/div><\/div><style type=\"text\/css\">.fusion-body .fusion-builder-column-0{width:100% !important;margin-top : 15px;margin-bottom : 15px;}.fusion-builder-column-0 > .fusion-column-wrapper {padding-top : 0px !important;padding-right : 0px !important;margin-right : 1.92%;padding-bottom : 0px !important;padding-left : 0px !important;margin-left : 1.92%;}@media only screen and (max-width:1024px) {.fusion-body .fusion-builder-column-0{width:100% !important;order : 0;}.fusion-builder-column-0 > .fusion-column-wrapper {margin-right : 1.92%;margin-left : 1.92%;}}@media only screen and (max-width:640px) {.fusion-body .fusion-builder-column-0{width:100% !important;order : 0;}.fusion-builder-column-0 > .fusion-column-wrapper {margin-right : 1.92%;margin-left : 1.92%;}}<\/style><\/div><\/div><style type=\"text\/css\">.fusion-body .fusion-flex-container.fusion-builder-row-1{ padding-top : 0px;margin-top : 0px;padding-right : 0px;padding-bottom : 0px;margin-bottom : 0px;padding-left : 0px;}<\/style><\/div>\n","protected":false},"excerpt":{"rendered":"","protected":false},"author":1,"featured_media":21582,"comment_status":"open","ping_status":"open","sticky":false,"template":"","format":"standard","meta":{"footnotes":""},"categories":[1],"tags":[],"class_list":["post-21568","post","type-post","status-publish","format-standard","has-post-thumbnail","hentry","category-sin-categoria"],"_links":{"self":[{"href":"https:\/\/www.miriego.gob.bo\/index.php?rest_route=\/wp\/v2\/posts\/21568","targetHints":{"allow":["GET"]}}],"collection":[{"href":"https:\/\/www.miriego.gob.bo\/index.php?rest_route=\/wp\/v2\/posts"}],"about":[{"href":"https:\/\/www.miriego.gob.bo\/index.php?rest_route=\/wp\/v2\/types\/post"}],"author":[{"embeddable":true,"href":"https:\/\/www.miriego.gob.bo\/index.php?rest_route=\/wp\/v2\/users\/1"}],"replies":[{"embeddable":true,"href":"https:\/\/www.miriego.gob.bo\/index.php?rest_route=%2Fwp%2Fv2%2Fcomments&post=21568"}],"version-history":[{"count":3,"href":"https:\/\/www.miriego.gob.bo\/index.php?rest_route=\/wp\/v2\/posts\/21568\/revisions"}],"predecessor-version":[{"id":21617,"href":"https:\/\/www.miriego.gob.bo\/index.php?rest_route=\/wp\/v2\/posts\/21568\/revisions\/21617"}],"wp:featuredmedia":[{"embeddable":true,"href":"https:\/\/www.miriego.gob.bo\/index.php?rest_route=\/wp\/v2\/media\/21582"}],"wp:attachment":[{"href":"https:\/\/www.miriego.gob.bo\/index.php?rest_route=%2Fwp%2Fv2%2Fmedia&parent=21568"}],"wp:term":[{"taxonomy":"category","embeddable":true,"href":"https:\/\/www.miriego.gob.bo\/index.php?rest_route=%2Fwp%2Fv2%2Fcategories&post=21568"},{"taxonomy":"post_tag","embeddable":true,"href":"https:\/\/www.miriego.gob.bo\/index.php?rest_route=%2Fwp%2Fv2%2Ftags&post=21568"}],"curies":[{"name":"wp","href":"https:\/\/api.w.org\/{rel}","templated":true}]}}